[{"@context":"https:\/\/schema.org\/","@type":"Blog","@id":"https:\/\/www.irla.cz#Blog","headline":"Irla","description":"\n\u017dije mezi n\u00e1mi u\u017e v\u011bru mnoho lid\u00ed, kte\u0159\u00ed nav\u0161t\u00edvili n\u00e1\u0161 web a pravideln\u011b se na n\u011bj vracej\u00ed, proto\u017ee jsou tu spokojeni. U\u017e jste jedn\u011bmi z takov\u00fdch?","url":"https:\/\/www.irla.cz","hasPart":[{"@type":"Article","@id":"https:\/\/www.irla.cz\/tepelne-cerpadlo-patri-k-nejlevnejsim-topnym-zdrojum\/","headline":"Tepeln\u00e9 \u010derpadlo pat\u0159\u00ed k nejlevn\u011bj\u0161\u00edm topn\u00fdm zdroj\u016fm","url":"https:\/\/www.irla.cz\/tepelne-cerpadlo-patri-k-nejlevnejsim-topnym-zdrojum\/","datePublished":"2026-05-07","dateModified":"2026-05-07","mainEntityOfPage":"https:\/\/www.irla.cz\/tepelne-cerpadlo-patri-k-nejlevnejsim-topnym-zdrojum\/","author":{"@type":"Person","@id":"https:\/\/www.irla.cz\/author\/#Person","name":"","url":"https:\/\/www.irla.cz\/author\/","identifier":1,"image":{"@type":"ImageObject","@id":"https:\/\/secure.gravatar.com\/avatar\/7b7a3ac09da7f6a75c5f1ebec5be454c22943a51b9f5595d89318ef09bd44dd1?s=96&d=mm&r=g","url":"https:\/\/secure.gravatar.com\/avatar\/7b7a3ac09da7f6a75c5f1ebec5be454c22943a51b9f5595d89318ef09bd44dd1?s=96&d=mm&r=g","height":96,"width":96}},"publisher":{"@type":"Organization","name":"irla.cz","logo":{"@type":"ImageObject","@id":"\/logo.png","url":"\/logo.png","width":600,"height":60}},"image":{"@type":"ImageObject","@id":"https:\/\/www.irla.cz\/wp-content\/uploads\/heat-pump-6209793_640_10_10_10_10_6.jpg","url":"https:\/\/www.irla.cz\/wp-content\/uploads\/heat-pump-6209793_640_10_10_10_10_6.jpg","height":0,"width":0},"wordCount":564,"keywords":null},{"@type":"Article","@id":"https:\/\/www.irla.cz\/brany-k-zahrade\/","headline":"Br\u00e1ny k zahrad\u011b","url":"https:\/\/www.irla.cz\/brany-k-zahrade\/","datePublished":"2026-02-04","dateModified":"2026-02-04","mainEntityOfPage":"https:\/\/www.irla.cz\/brany-k-zahrade\/","author":{"@type":"Person","@id":"https:\/\/www.irla.cz\/author\/#Person","name":"","url":"https:\/\/www.irla.cz\/author\/","identifier":1,"image":{"@type":"ImageObject","@id":"https:\/\/secure.gravatar.com\/avatar\/7b7a3ac09da7f6a75c5f1ebec5be454c22943a51b9f5595d89318ef09bd44dd1?s=96&d=mm&r=g","url":"https:\/\/secure.gravatar.com\/avatar\/7b7a3ac09da7f6a75c5f1ebec5be454c22943a51b9f5595d89318ef09bd44dd1?s=96&d=mm&r=g","height":96,"width":96}},"publisher":{"@type":"Organization","name":"irla.cz","logo":{"@type":"ImageObject","@id":"\/logo.png","url":"\/logo.png","width":600,"height":60}},"image":{"@type":"ImageObject","@id":"https:\/\/www.irla.cz\/wp-content\/uploads\/jplenio-garage-3114573_640_1.jpg","url":"https:\/\/www.irla.cz\/wp-content\/uploads\/jplenio-garage-3114573_640_1.jpg","height":0,"width":0},"wordCount":535,"keywords":null},{"@type":"Article","@id":"https:\/\/www.irla.cz\/piskovani-pullitru-a-sklenic-jako-moznost-tvorby-upominkovych-predmetu\/","headline":"P\u00edskov\u00e1n\u00ed p\u016fllitr\u016f a sklenic jako mo\u017enost tvorby upom\u00ednkov\u00fdch p\u0159edm\u011bt\u016f","url":"https:\/\/www.irla.cz\/piskovani-pullitru-a-sklenic-jako-moznost-tvorby-upominkovych-predmetu\/","datePublished":"2025-10-06","dateModified":"2025-10-06","mainEntityOfPage":"https:\/\/www.irla.cz\/piskovani-pullitru-a-sklenic-jako-moznost-tvorby-upominkovych-predmetu\/","author":{"@type":"Person","@id":"https:\/\/www.irla.cz\/author\/#Person","name":"","url":"https:\/\/www.irla.cz\/author\/","identifier":1,"image":{"@type":"ImageObject","@id":"https:\/\/secure.gravatar.com\/avatar\/7b7a3ac09da7f6a75c5f1ebec5be454c22943a51b9f5595d89318ef09bd44dd1?s=96&d=mm&r=g","url":"https:\/\/secure.gravatar.com\/avatar\/7b7a3ac09da7f6a75c5f1ebec5be454c22943a51b9f5595d89318ef09bd44dd1?s=96&d=mm&r=g","height":96,"width":96}},"publisher":{"@type":"Organization","name":"irla.cz","logo":{"@type":"ImageObject","@id":"\/logo.png","url":"\/logo.png","width":600,"height":60}},"image":{"@type":"ImageObject","@id":"https:\/\/www.irla.cz\/wp-content\/uploads\/hotel-940730_640.jpg","url":"https:\/\/www.irla.cz\/wp-content\/uploads\/hotel-940730_640.jpg","height":0,"width":0},"wordCount":554,"keywords":null},{"@type":"Article","@id":"https:\/\/www.irla.cz\/lepsi-cestovani-kazdy-den\/","headline":"Lep\u0161\u00ed cestov\u00e1n\u00ed ka\u017ed\u00fd den","url":"https:\/\/www.irla.cz\/lepsi-cestovani-kazdy-den\/","datePublished":"2025-08-24","dateModified":"2025-08-24","mainEntityOfPage":"https:\/\/www.irla.cz\/lepsi-cestovani-kazdy-den\/","author":{"@type":"Person","@id":"https:\/\/www.irla.cz\/author\/#Person","name":"","url":"https:\/\/www.irla.cz\/author\/","identifier":1,"image":{"@type":"ImageObject","@id":"https:\/\/secure.gravatar.com\/avatar\/7b7a3ac09da7f6a75c5f1ebec5be454c22943a51b9f5595d89318ef09bd44dd1?s=96&d=mm&r=g","url":"https:\/\/secure.gravatar.com\/avatar\/7b7a3ac09da7f6a75c5f1ebec5be454c22943a51b9f5595d89318ef09bd44dd1?s=96&d=mm&r=g","height":96,"width":96}},"publisher":{"@type":"Organization","name":"irla.cz","logo":{"@type":"ImageObject","@id":"\/logo.png","url":"\/logo.png","width":600,"height":60}},"image":null,"wordCount":304,"keywords":null},{"@type":"Article","@id":"https:\/\/www.irla.cz\/z-sede-mysky-kraskou\/","headline":"Z \u0161ed\u00e9 my\u0161ky, kr\u00e1skou","url":"https:\/\/www.irla.cz\/z-sede-mysky-kraskou\/","datePublished":"2025-08-17","dateModified":"2025-08-17","mainEntityOfPage":"https:\/\/www.irla.cz\/z-sede-mysky-kraskou\/","author":{"@type":"Person","@id":"https:\/\/www.irla.cz\/author\/#Person","name":"","url":"https:\/\/www.irla.cz\/author\/","identifier":1,"image":{"@type":"ImageObject","@id":"https:\/\/secure.gravatar.com\/avatar\/7b7a3ac09da7f6a75c5f1ebec5be454c22943a51b9f5595d89318ef09bd44dd1?s=96&d=mm&r=g","url":"https:\/\/secure.gravatar.com\/avatar\/7b7a3ac09da7f6a75c5f1ebec5be454c22943a51b9f5595d89318ef09bd44dd1?s=96&d=mm&r=g","height":96,"width":96}},"publisher":{"@type":"Organization","name":"irla.cz","logo":{"@type":"ImageObject","@id":"\/logo.png","url":"\/logo.png","width":600,"height":60}},"image":null,"wordCount":221,"keywords":null},{"@type":"Article","@id":"https:\/\/www.irla.cz\/image-ktery-se-vam-libi\/","headline":"Image, kter\u00fd se v\u00e1m l\u00edb\u00ed","url":"https:\/\/www.irla.cz\/image-ktery-se-vam-libi\/","datePublished":"2025-08-08","dateModified":"2025-08-08","mainEntityOfPage":"https:\/\/www.irla.cz\/image-ktery-se-vam-libi\/","author":{"@type":"Person","@id":"https:\/\/www.irla.cz\/author\/#Person","name":"","url":"https:\/\/www.irla.cz\/author\/","identifier":1,"image":{"@type":"ImageObject","@id":"https:\/\/secure.gravatar.com\/avatar\/7b7a3ac09da7f6a75c5f1ebec5be454c22943a51b9f5595d89318ef09bd44dd1?s=96&d=mm&r=g","url":"https:\/\/secure.gravatar.com\/avatar\/7b7a3ac09da7f6a75c5f1ebec5be454c22943a51b9f5595d89318ef09bd44dd1?s=96&d=mm&r=g","height":96,"width":96}},"publisher":{"@type":"Organization","name":"irla.cz","logo":{"@type":"ImageObject","@id":"\/logo.png","url":"\/logo.png","width":600,"height":60}},"image":null,"wordCount":222,"keywords":null},{"@type":"Article","@id":"https:\/\/www.irla.cz\/okouzlete-se-nabytkem-z-masivu-uz-navzdy\/","headline":"Okouzlete se n\u00e1bytkem z masivu u\u017e nav\u017edy!","url":"https:\/\/www.irla.cz\/okouzlete-se-nabytkem-z-masivu-uz-navzdy\/","datePublished":"2025-08-03","dateModified":"2025-08-03","mainEntityOfPage":"https:\/\/www.irla.cz\/okouzlete-se-nabytkem-z-masivu-uz-navzdy\/","author":{"@type":"Person","@id":"https:\/\/www.irla.cz\/author\/#Person","name":"","url":"https:\/\/www.irla.cz\/author\/","identifier":1,"image":{"@type":"ImageObject","@id":"https:\/\/secure.gravatar.com\/avatar\/7b7a3ac09da7f6a75c5f1ebec5be454c22943a51b9f5595d89318ef09bd44dd1?s=96&d=mm&r=g","url":"https:\/\/secure.gravatar.com\/avatar\/7b7a3ac09da7f6a75c5f1ebec5be454c22943a51b9f5595d89318ef09bd44dd1?s=96&d=mm&r=g","height":96,"width":96}},"publisher":{"@type":"Organization","name":"irla.cz","logo":{"@type":"ImageObject","@id":"\/logo.png","url":"\/logo.png","width":600,"height":60}},"image":null,"wordCount":197,"keywords":null},{"@type":"Article","@id":"https:\/\/www.irla.cz\/vsechny-pokoje-u-nas-jsou-cenove-dostupne\/","headline":"V\u0161echny pokoje u n\u00e1s jsou cenov\u011b dostupn\u00e9","url":"https:\/\/www.irla.cz\/vsechny-pokoje-u-nas-jsou-cenove-dostupne\/","datePublished":"2025-07-29","dateModified":"2025-07-29","mainEntityOfPage":"https:\/\/www.irla.cz\/vsechny-pokoje-u-nas-jsou-cenove-dostupne\/","author":{"@type":"Person","@id":"https:\/\/www.irla.cz\/author\/#Person","name":"","url":"https:\/\/www.irla.cz\/author\/","identifier":1,"image":{"@type":"ImageObject","@id":"https:\/\/secure.gravatar.com\/avatar\/7b7a3ac09da7f6a75c5f1ebec5be454c22943a51b9f5595d89318ef09bd44dd1?s=96&d=mm&r=g","url":"https:\/\/secure.gravatar.com\/avatar\/7b7a3ac09da7f6a75c5f1ebec5be454c22943a51b9f5595d89318ef09bd44dd1?s=96&d=mm&r=g","height":96,"width":96}},"publisher":{"@type":"Organization","name":"irla.cz","logo":{"@type":"ImageObject","@id":"\/logo.png","url":"\/logo.png","width":600,"height":60}},"image":null,"wordCount":207,"keywords":null},{"@type":"Article","@id":"https:\/\/www.irla.cz\/pro-vase-kancelare-a-jejich-super-image\/","headline":"Pro va\u0161e kancel\u00e1\u0159e a jejich super image","url":"https:\/\/www.irla.cz\/pro-vase-kancelare-a-jejich-super-image\/","datePublished":"2025-07-21","dateModified":"2025-07-21","mainEntityOfPage":"https:\/\/www.irla.cz\/pro-vase-kancelare-a-jejich-super-image\/","author":{"@type":"Person","@id":"https:\/\/www.irla.cz\/author\/#Person","name":"","url":"https:\/\/www.irla.cz\/author\/","identifier":1,"image":{"@type":"ImageObject","@id":"https:\/\/secure.gravatar.com\/avatar\/7b7a3ac09da7f6a75c5f1ebec5be454c22943a51b9f5595d89318ef09bd44dd1?s=96&d=mm&r=g","url":"https:\/\/secure.gravatar.com\/avatar\/7b7a3ac09da7f6a75c5f1ebec5be454c22943a51b9f5595d89318ef09bd44dd1?s=96&d=mm&r=g","height":96,"width":96}},"publisher":{"@type":"Organization","name":"irla.cz","logo":{"@type":"ImageObject","@id":"\/logo.png","url":"\/logo.png","width":600,"height":60}},"image":null,"wordCount":221,"keywords":null},{"@type":"Article","@id":"https:\/\/www.irla.cz\/nabidka-kvalitni-pracovni-obuvi-ceka-prave-na-vas\/","headline":"Nab\u00eddka kvalitn\u00ed pracovn\u00ed obuvi \u010dek\u00e1 pr\u00e1v\u011b na v\u00e1s!","url":"https:\/\/www.irla.cz\/nabidka-kvalitni-pracovni-obuvi-ceka-prave-na-vas\/","datePublished":"2025-07-15","dateModified":"2025-07-15","mainEntityOfPage":"https:\/\/www.irla.cz\/nabidka-kvalitni-pracovni-obuvi-ceka-prave-na-vas\/","author":{"@type":"Person","@id":"https:\/\/www.irla.cz\/author\/#Person","name":"","url":"https:\/\/www.irla.cz\/author\/","identifier":1,"image":{"@type":"ImageObject","@id":"https:\/\/secure.gravatar.com\/avatar\/7b7a3ac09da7f6a75c5f1ebec5be454c22943a51b9f5595d89318ef09bd44dd1?s=96&d=mm&r=g","url":"https:\/\/secure.gravatar.com\/avatar\/7b7a3ac09da7f6a75c5f1ebec5be454c22943a51b9f5595d89318ef09bd44dd1?s=96&d=mm&r=g","height":96,"width":96}},"publisher":{"@type":"Organization","name":"irla.cz","logo":{"@type":"ImageObject","@id":"\/logo.png","url":"\/logo.png","width":600,"height":60}},"image":null,"wordCount":250,"keywords":null}]},{"@context":"https:\/\/schema.org","@type":"WebSite","@id":"https:\/\/www.irla.cz\/#website","name":"Irla","url":"https:\/\/www.irla.cz","potentialAction":{"@type":"SearchAction","target":"https:\/\/www.irla.cz\/?s={search_term_string}","query-input":"required name=search_term_string"}}]