[{"@context":"https:\/\/schema.org\/","@type":"Article","@id":"https:\/\/www.irla.cz\/dovolena-pro-kazdeho\/#Article","mainEntityOfPage":"https:\/\/www.irla.cz\/dovolena-pro-kazdeho\/","headline":"Dovolen\u00e1 pro ka\u017ed\u00e9ho","name":"Dovolen\u00e1 pro ka\u017ed\u00e9ho","description":"M\u011bli jste v posledn\u00ed dob\u011b t\u011b\u017ek\u00e9 pracovn\u00ed obdob\u00ed, jste hodn\u011b unaveni a c\u00edt\u00edte na sob\u011b, \u017ee byste pot\u0159ebovali n\u011bjakou regeneraci? Pot\u0159ebovali byste se nechat n\u011bjak p\u011bkn\u011b namas\u00edrovat, uvolnit si svaly a odpo\u010dinout n\u011bkde v hork\u00e9 vod\u011b? Rozhodn\u011b nem\u00e1te v pl\u00e1nu v\u00fdlet na Slovensko k term\u00e1ln\u00edm pramen\u016fm, ale n\u011bjak\u00fd wellness v\u00edkend pro dva by se V\u00e1m [&hellip;]","datePublished":"2025-01-08","dateModified":"2025-01-08","author":{"@type":"Person","@id":"https:\/\/www.irla.cz\/author\/#Person","name":"","url":"https:\/\/www.irla.cz\/author\/","identifier":1,"image":{"@type":"ImageObject","@id":"https:\/\/secure.gravatar.com\/avatar\/7b7a3ac09da7f6a75c5f1ebec5be454c22943a51b9f5595d89318ef09bd44dd1?s=96&d=mm&r=g","url":"https:\/\/secure.gravatar.com\/avatar\/7b7a3ac09da7f6a75c5f1ebec5be454c22943a51b9f5595d89318ef09bd44dd1?s=96&d=mm&r=g","height":96,"width":96}},"publisher":{"@type":"Organization","name":"irla.cz","logo":{"@type":"ImageObject","@id":"\/logo.png","url":"\/logo.png","width":600,"height":60}},"url":"https:\/\/www.irla.cz\/dovolena-pro-kazdeho\/","wordCount":250,"articleBody":"M\u011bli jste v posledn\u00ed dob\u011b t\u011b\u017ek\u00e9 pracovn\u00ed obdob\u00ed, jste hodn\u011b unaveni a c\u00edt\u00edte na sob\u011b, \u017ee byste pot\u0159ebovali n\u011bjakou regeneraci? Pot\u0159ebovali byste se nechat n\u011bjak p\u011bkn\u011b namas\u00edrovat, uvolnit si svaly a odpo\u010dinout n\u011bkde v hork\u00e9 vod\u011b? Rozhodn\u011b nem\u00e1te v pl\u00e1nu v\u00fdlet na Slovensko k term\u00e1ln\u00edm pramen\u016fm, ale n\u011bjak\u00fd wellness v\u00edkend pro dva by se V\u00e1m l\u00edbil? Potom tedy m\u016f\u017eeme \u0159\u00edci, n\u00e1\u0161 z\u00e1kazn\u00edk, n\u00e1\u0161 p\u00e1n. Na\u0161e spole\u010dnost toti\u017e nab\u00edz\u00ed wellness v\u00edkend pro dva a to hned v n\u011bkolika lokalit\u00e1ch po cel\u00e9 republice. Velice obl\u00edbenou lokalitou jsou v posledn\u00ed dob\u011b Pod\u011bbrady, Luha\u010dovice, ale \u010dasto jsou nav\u0161t\u011bvov\u00e1ny tak\u00e9 Franti\u0161kovy L\u00e1zn\u011b, tak kter\u00e9 si vyberete Vy? Wellness procedury M\u011bli byste tak\u00e9 z\u00e1jem o n\u011bjak\u00e9 wellnessprocedury? Pokud ano, pak se na n\u011b m\u016f\u017eete t\u011b\u0161it, jeliko\u017e p\u0159esn\u011b to m\u016f\u017eete o\u010dek\u00e1vat, pokud pojedete na wellness v\u00edkend pro dva. M\u00e1me pro V\u00e1s zaj\u00edmav\u00e9 nab\u00eddky tak\u00e9 ohledn\u011b j\u00eddel, kter\u00e9 si m\u016f\u017eete objednat a n\u00e1sledn\u011b tak\u00e9 ohledn\u011b programu. Nemus\u00edte si p\u0159eci dop\u0159\u00e1vat jen mas\u00e1\u017ee, budete m\u00edt mo\u017enost si prohl\u00e9dnout okol\u00ed hotelu a tak\u00e9 m\u011bsto, pokud budete m\u00edt z\u00e1jem. Ve\u0161ker\u00e9 tyto informace naleznete na na\u0161ich webov\u00fdch str\u00e1nk\u00e1ch.                                                                                                                                                                                                                                                                                                                                                                                        4\/5 - (2 votes)        "},{"@context":"https:\/\/schema.org\/","@type":"BreadcrumbList","itemListElement":[{"@type":"ListItem","position":1,"name":"Dovolen\u00e1 pro ka\u017ed\u00e9ho","item":"https:\/\/www.irla.cz\/dovolena-pro-kazdeho\/#breadcrumbitem"}]}]