[{"@context":"https:\/\/schema.org\/","@type":"Article","@id":"https:\/\/www.irla.cz\/gymnazium-zkracene-detstvi-nebo-dobra-priprava-na-vysokou\/#Article","mainEntityOfPage":"https:\/\/www.irla.cz\/gymnazium-zkracene-detstvi-nebo-dobra-priprava-na-vysokou\/","headline":"Gymn\u00e1zium \u2013 zkr\u00e1cen\u00e9 d\u011btstv\u00ed nebo dobr\u00e1 p\u0159\u00edprava na vysokou?","name":"Gymn\u00e1zium \u2013 zkr\u00e1cen\u00e9 d\u011btstv\u00ed nebo dobr\u00e1 p\u0159\u00edprava na vysokou?","description":"\u00b7\u00a0\u00a0\u00a0\u00a0\u00a0\u00a0\u00a0 Odkdy se m\u016f\u017ee \u0161kol\u00e1k st\u00e1t gympl\u00e1kem? Gymn\u00e1zia jsou 8let\u00e1 a 4let\u00e1. To znamen\u00e1, \u017ee po p\u00e1t\u00e9 t\u0159\u00edd\u011b se d\u00e1 nastoupit do takzvan\u00e9 primy (6. t\u0159\u00edda) nebo a\u017e klasicky po dev\u00e1t\u00e9. Kdy\u017e se rozhodnete pro tu prvn\u00ed variantu, nese to v\u00fdhodu v\u00a0tom, \u017ee si d\u00edt\u011b d\u0159\u00edve navykne na rychlej\u0161\u00ed a intenzivn\u011bj\u0161\u00ed p\u0159\u00edstup k\u00a0studiu. Pokud se [&hellip;]","datePublished":"2020-09-04","dateModified":"2023-04-26","author":{"@type":"Person","@id":"https:\/\/www.irla.cz\/author\/#Person","name":"","url":"https:\/\/www.irla.cz\/author\/","identifier":1,"image":{"@type":"ImageObject","@id":"https:\/\/secure.gravatar.com\/avatar\/7b7a3ac09da7f6a75c5f1ebec5be454c22943a51b9f5595d89318ef09bd44dd1?s=96&d=mm&r=g","url":"https:\/\/secure.gravatar.com\/avatar\/7b7a3ac09da7f6a75c5f1ebec5be454c22943a51b9f5595d89318ef09bd44dd1?s=96&d=mm&r=g","height":96,"width":96}},"publisher":{"@type":"Organization","name":"irla.cz","logo":{"@type":"ImageObject","@id":"\/logo.png","url":"\/logo.png","width":600,"height":60}},"image":{"@type":"ImageObject","@id":"https:\/\/www.irla.cz\/wp-content\/uploads\/img_a294844_w2034_t1506594602.jpg","url":"https:\/\/www.irla.cz\/wp-content\/uploads\/img_a294844_w2034_t1506594602.jpg","height":0,"width":0},"url":"https:\/\/www.irla.cz\/gymnazium-zkracene-detstvi-nebo-dobra-priprava-na-vysokou\/","about":["Vzd\u011bl\u00e1n\u00ed\r"],"wordCount":432,"articleBody":"\u00b7\u00a0\u00a0\u00a0\u00a0\u00a0\u00a0\u00a0 Odkdy se m\u016f\u017ee \u0161kol\u00e1k st\u00e1t gympl\u00e1kem? Gymn\u00e1zia jsou 8let\u00e1 a 4let\u00e1. To znamen\u00e1, \u017ee po p\u00e1t\u00e9 t\u0159\u00edd\u011b se d\u00e1 nastoupit do takzvan\u00e9 primy (6. t\u0159\u00edda) nebo a\u017e klasicky po dev\u00e1t\u00e9. Kdy\u017e se rozhodnete pro tu prvn\u00ed variantu, nese to v\u00fdhodu v\u00a0tom, \u017ee si d\u00edt\u011b d\u0159\u00edve navykne na rychlej\u0161\u00ed a intenzivn\u011bj\u0161\u00ed p\u0159\u00edstup k\u00a0studiu. Pokud se d\u00edt\u011bti nebude v\u016fbec da\u0159it, m\u016f\u017ee se vr\u00e1tit na z\u00e1kladn\u00ed \u0161kolu nebo po kvart\u011b (9. t\u0159\u00edd\u011b) p\u0159estoupit. Je mo\u017en\u00e9, \u017ee budete poslouchat \u0159e\u010di typu: \u201eVy mu chcete zkr\u00e1tit d\u011btstv\u00ed?\u201c nebo \u201ened\u00e1vejte ho na gymn\u00e1zium, v\u017edy\u0165 nebude ni\u010d\u00edm vyu\u010den. Na vysokou se nedostane a co pak? Nikde ho nevezmou.\u201c Zkr\u00e1cen\u00e9 d\u011btstv\u00ed? Do \u0161koly by va\u0161e d\u00edtko chodilo stejn\u011b i tak a \u017ee ho potom nikde nevezmou? Na tom ti moud\u0159\u00ed lid\u00e9 byli kde?\u00b7\u00a0\u00a0\u00a0\u00a0\u00a0\u00a0\u00a0\u00a0 K\u00a0\u010demu je gymn\u00e1zium dobr\u00e9, kdy\u017e nebude ni\u010d\u00edm vyu\u010den?Gymn\u00e1zia si vyb\u00edraj\u00ed hlavn\u011b ti \u017e\u00e1ci, kte\u0159\u00ed v\u011bd\u00ed, \u017ee p\u016fjdou na vysokou \u0161kolu a nejl\u00e9pe je p\u0159iprav\u00ed pr\u00e1v\u011b tady. \u010castou volbou jsou budouc\u00edch l\u00e9ka\u0159\u016f, stroja\u0159\u016f, stava\u0159\u016f. Te\u010f si \u0159\u00edk\u00e1te, Ale v\u017edy\u0165 na doktora, je lep\u0161\u00ed j\u00edt ze zdravotn\u00ed \u0161koly.\u201c Jak se to vezme. Na p\u0159ij\u00edma\u010dky na l\u00e9ka\u0159e pot\u0159ebujete chemii, fyziku, biologii a na zdravotn\u00ed \u0161kole si\u00a0t\u011bchto p\u0159edm\u011bt\u016f moc neu\u017eijete.\u00a0 Ale to u\u017e odbo\u010duji.\u00a0 Podstatn\u00e9 je, \u017ee gymn\u00e1zia se zab\u00fdvaj\u00ed v\u0161emi p\u0159edm\u011bty a oddaluj\u00ed rozhodovan\u00ed na volbu povol\u00e1n\u00ed o \u010dty\u0159i roky. Z\u00a0gymn\u00e1zia m\u00e1te b\u00fdt teoreticky p\u0159ipraveni na v\u0161echny vysok\u00e9 \u0161koly.\u00b7\u00a0\u00a0\u00a0\u00a0\u00a0\u00a0\u00a0 Jak moc rychl\u00e9 je tempo na gymn\u00e1ziu?Dobr\u00e1 ot\u00e1zka. T\u011b\u017ek\u00e1 odpov\u011b\u010f. Z\u00e1le\u017e\u00ed na u\u010diteli a na u\u010debn\u00edm pl\u00e1nu. Mohu ale s\u00a0jistotou odpov\u011bd\u011bt, \u017ee za krat\u0161\u00ed dobu se m\u00e1 probrat v\u00edce u\u010diva ne\u017e na jin\u00fdch \u0161kol\u00e1ch. Gymn\u00e1zium je n\u011bco jako pitevna. Do v\u0161eho se \u0161\u0165our\u00e1te hloub\u011bji a m\u00e1te na to ur\u010dit\u00fd \u010das. Mo\u017en\u00e1 ze za\u010d\u00e1tku bude va\u0161e d\u00edtko zoufal\u00e9, \u017ee si nest\u00edh\u00e1 ps\u00e1t, a \u017ee pan\u00ed u\u010ditelka nezpomal\u00ed, ale dejte tomu \u010das. \u010casem bude st\u00edhat, osvoj\u00ed si zkratky, \u0161krabopis a ke konci studia, zjist\u00ed, \u017ee si se\u0161it v\u00e9st nemus\u00ed, proto\u017ee si to cel\u00e9 m\u016f\u017ee ofotit od spolu\u017e\u00e1ka.                                                                                                                                                                                                                                                                                                                                                                                         4.2\/5 - (8 votes)        "},{"@context":"https:\/\/schema.org\/","@type":"BreadcrumbList","itemListElement":[{"@type":"ListItem","position":1,"name":"Gymn\u00e1zium \u2013 zkr\u00e1cen\u00e9 d\u011btstv\u00ed nebo dobr\u00e1 p\u0159\u00edprava na vysokou?","item":"https:\/\/www.irla.cz\/gymnazium-zkracene-detstvi-nebo-dobra-priprava-na-vysokou\/#breadcrumbitem"}]}]