[{"@context":"https:\/\/schema.org\/","@type":"Article","@id":"https:\/\/www.irla.cz\/moda-a-muzi\/#Article","mainEntityOfPage":"https:\/\/www.irla.cz\/moda-a-muzi\/","headline":"M\u00f3da a mu\u017ei","name":"M\u00f3da a mu\u017ei","description":"Existuj\u00ed mu\u017ei, kte\u0159\u00ed to maj\u00ed tak, \u017ee jim je \u00fapln\u011b jedno, co na sob\u011b maj\u00ed nebo nemaj\u00ed, ale je pro n\u011b hlavn\u00ed, aby se v dan\u00e9m oble\u010den\u00ed c\u00edtili dob\u0159e. D\u00e1le jsou zde mu\u017ei, kte\u0159\u00ed to do ur\u010dit\u00e9 m\u00edry \u0159e\u0161\u00ed, ale nezach\u00e1z\u00ed a\u017e do \u00fapln\u00e9ho extr\u00e9mu. Posledn\u00ed skupinou jsou mu\u017ei, kte\u0159\u00ed velmi \u0159e\u0161\u00ed, v \u010dem p\u016fjdou [&hellip;]","datePublished":"2024-03-28","dateModified":"2024-03-28","author":{"@type":"Person","@id":"https:\/\/www.irla.cz\/author\/#Person","name":"","url":"https:\/\/www.irla.cz\/author\/","identifier":1,"image":{"@type":"ImageObject","@id":"https:\/\/secure.gravatar.com\/avatar\/7b7a3ac09da7f6a75c5f1ebec5be454c22943a51b9f5595d89318ef09bd44dd1?s=96&d=mm&r=g","url":"https:\/\/secure.gravatar.com\/avatar\/7b7a3ac09da7f6a75c5f1ebec5be454c22943a51b9f5595d89318ef09bd44dd1?s=96&d=mm&r=g","height":96,"width":96}},"publisher":{"@type":"Organization","name":"irla.cz","logo":{"@type":"ImageObject","@id":"\/logo.png","url":"\/logo.png","width":600,"height":60}},"image":{"@type":"ImageObject","@id":"https:\/\/www.irla.cz\/wp-content\/uploads\/man-6974298_640.jpg","url":"https:\/\/www.irla.cz\/wp-content\/uploads\/man-6974298_640.jpg","height":0,"width":0},"url":"https:\/\/www.irla.cz\/moda-a-muzi\/","about":["M\u00f3da"],"wordCount":495,"articleBody":"Existuj\u00ed mu\u017ei, kte\u0159\u00ed to maj\u00ed tak, \u017ee jim je \u00fapln\u011b jedno, co na sob\u011b maj\u00ed nebo nemaj\u00ed, ale je pro n\u011b hlavn\u00ed, aby se v dan\u00e9m oble\u010den\u00ed c\u00edtili dob\u0159e. D\u00e1le jsou zde mu\u017ei, kte\u0159\u00ed to do ur\u010dit\u00e9 m\u00edry \u0159e\u0161\u00ed, ale nezach\u00e1z\u00ed a\u017e do \u00fapln\u00e9ho extr\u00e9mu. Posledn\u00ed skupinou jsou mu\u017ei, kte\u0159\u00ed velmi \u0159e\u0161\u00ed, v \u010dem p\u016fjdou a v \u010dem rad\u011bji ne. Lid\u00e9 jsou opravdu r\u016fzn\u00ed. Rozhodn\u011b je dob\u0159e, pokud se \u010dlov\u011bk zamysl\u00ed nad t\u00edm, co si obl\u00e9ct a co rad\u011bji ne, ale jestli n\u011bco nen\u00ed pot\u0159eba, pak je to to p\u0159eh\u00e1n\u011bt. N\u011bkte\u0159\u00ed mu\u017ei jsou schopni tr\u00e1vit i hodiny rozhodov\u00e1n\u00edm, co si obl\u00e9ct. Nikdo se nem\u016f\u017ee divit, \u017ee n\u011bco takov\u00e9ho n\u011bkomu p\u0159ipad\u00e1 zvl\u00e1\u0161tn\u00ed. Opravdu to zvl\u00e1\u0161tn\u00ed je a to proto, \u017ee tak dlouho netr\u00e1v\u00ed u sv\u00e9ho oble\u010den\u00ed ani \u017eeny, kter\u00e9 si d\u00e1vaj\u00ed na sv\u00e9m vzhledu z\u00e1le\u017eet.Dnes je to opravdu o tom, \u017ee mu\u017ei mnoho v\u011bc\u00ed \u0159e\u0161\u00ed daleko v\u00edce, ne\u017e \u017eeny. Je ale n\u011bco takov\u00e9ho spr\u00e1vn\u011b? Je pochopiteln\u00e9, \u017ee nejen \u017eeny, ale mu\u017ei se cht\u011bj\u00ed l\u00edbit, ale n\u011bkte\u0159\u00ed mu\u017ei jsou schopni to a\u017e p\u0159\u00edli\u0161 p\u0159eh\u00e1n\u011bt. Je pochopiteln\u00e9, kdy\u017e mu\u017e chce, aby mu oble\u010den\u00ed ladilo a aby se v n\u011bm c\u00edtil dob\u0159e, ale tr\u00e1vit hodiny p\u0159em\u00fd\u0161len\u00edm nad outfity nen\u00ed zrovna ide\u00e1ln\u00ed. Mu\u017ei, kte\u0159\u00ed nic ne\u0159e\u0161\u00ed a vezmou prv\u00ed, co najdou, tak\u00e9 existuj\u00ed a nen\u00ed jich m\u00e1lo. N\u011bco takov\u00e9ho je tak\u00e9 ur\u010dit\u00fdm p\u0159\u00edstupem ale ur\u010dit\u011b by nebylo \u0161patn\u00e9, kdyby se mu\u017e alespo\u0148 do ur\u010dit\u00e9 m\u00edry zamyslel a to u\u017e jen proto, \u017ee jsou v\u011bci, kter\u00e9 se nehod\u00ed do spole\u010dnosti, ale hod\u00ed se na chozen\u00ed po doma.Dbejte na to, aby v\u011bci, kter\u00e9 jsou ur\u010deny na doma, byly opravdu na doma. Je mo\u017en\u00e9, \u017ee pokud byste p\u0159i\u0161li na ve\u0159ejnost v otrhan\u00e9m a \u0161pinav\u00e9m oble\u010den\u00ed, dopadlo by to tak, \u017ee by se na v\u00e1s mohli lid\u00e9 zvl\u00e1\u0161tn\u011b d\u00edvat, co\u017e mnoho lid\u00ed nechce, proto\u017ee nemaj\u00ed r\u00e1di, pokud se na n\u011b n\u011bkdo p\u0159\u00edli\u0161 dlouho d\u00edv\u00e1. Je dobr\u00e9 se m\u00f3d\u011b alespo\u0148 \u010d\u00e1ste\u010dn\u011b v\u011bnovat. Nikdo ne\u0159\u00edk\u00e1, \u017ee m\u00e1te cel\u00e9 dny sed\u011bt a p\u0159em\u00fd\u0161let nad t\u00edm, v \u010dem chodit, v \u010dem nechodit apod. Sta\u010d\u00ed se jen zamyslet p\u0159edt\u00edm, ne\u017e n\u011bkam p\u016fjdete, co by asi na dan\u00e9 m\u00edsto bylo vhodn\u00e9 a pokusit se dan\u00e9 kousky nap\u0159\u00edklad barevn\u011b sladit. N\u011bco takov\u00e9ho v\u00e1m zabere p\u00e1r minut a v\u011b\u0159te, \u017ee se najdou lid\u00e9, kte\u0159\u00ed va\u0161i snahu ocen\u00ed.                                                                                                                                                                                                                                                                                                                                                                                        4.5\/5 - (11 votes)        "},{"@context":"https:\/\/schema.org\/","@type":"BreadcrumbList","itemListElement":[{"@type":"ListItem","position":1,"name":"M\u00f3da a mu\u017ei","item":"https:\/\/www.irla.cz\/moda-a-muzi\/#breadcrumbitem"}]}]