[{"@context":"https:\/\/schema.org\/","@type":"Article","@id":"https:\/\/www.irla.cz\/proc-deti-nemaji-rady-skolu\/#Article","mainEntityOfPage":"https:\/\/www.irla.cz\/proc-deti-nemaji-rady-skolu\/","headline":"Pro\u010d d\u011bti nemaj\u00ed r\u00e1dy \u0161kolu","name":"Pro\u010d d\u011bti nemaj\u00ed r\u00e1dy \u0161kolu","description":"Jestli existuje n\u011bjak\u00fd zn\u00e1m\u00fd, av\u0161ak pravdiv\u00fd stereotyp, pak je to nechu\u0165 d\u011bt\u00ed chodit do \u0161koly. To zn\u00e1 v\u00a0podstat\u011b ka\u017ed\u00fd rodi\u010d. M\u016f\u017ee se to v\u0161ak zd\u00e1t p\u0159ekvapuj\u00edc\u00ed, zvl\u00e1\u0161\u0165 kdy\u017e si uv\u011bdom\u00edme, jak se tam \u010derstv\u00ed prv\u0148\u00e1\u010dci t\u011b\u0161\u00ed.\u00a0Faktem v\u0161ak je, \u017ee je po\u010d\u00e1te\u010dn\u00ed nad\u0161en\u00ed velmi brzy opust\u00ed. A to i p\u0159esto, \u017ee v\u00a0podstat\u011b ji\u017e od za\u010d\u00e1tku v\u011bd\u00ed, [&hellip;]","datePublished":"2023-02-07","dateModified":"2023-05-09","author":{"@type":"Person","@id":"https:\/\/www.irla.cz\/author\/#Person","name":"","url":"https:\/\/www.irla.cz\/author\/","identifier":1,"image":{"@type":"ImageObject","@id":"https:\/\/secure.gravatar.com\/avatar\/7b7a3ac09da7f6a75c5f1ebec5be454c22943a51b9f5595d89318ef09bd44dd1?s=96&d=mm&r=g","url":"https:\/\/secure.gravatar.com\/avatar\/7b7a3ac09da7f6a75c5f1ebec5be454c22943a51b9f5595d89318ef09bd44dd1?s=96&d=mm&r=g","height":96,"width":96}},"publisher":{"@type":"Organization","name":"irla.cz","logo":{"@type":"ImageObject","@id":"\/logo.png","url":"\/logo.png","width":600,"height":60}},"image":{"@type":"ImageObject","@id":"https:\/\/www.irla.cz\/wp-content\/uploads\/skola5_10.png","url":"https:\/\/www.irla.cz\/wp-content\/uploads\/skola5_10.png","height":0,"width":0},"url":"https:\/\/www.irla.cz\/proc-deti-nemaji-rady-skolu\/","about":["Vzd\u011bl\u00e1n\u00ed\r"],"wordCount":454,"articleBody":"Jestli existuje n\u011bjak\u00fd zn\u00e1m\u00fd, av\u0161ak pravdiv\u00fd stereotyp, pak je to nechu\u0165 d\u011bt\u00ed chodit do \u0161koly. To zn\u00e1 v\u00a0podstat\u011b ka\u017ed\u00fd rodi\u010d. M\u016f\u017ee se to v\u0161ak zd\u00e1t p\u0159ekvapuj\u00edc\u00ed, zvl\u00e1\u0161\u0165 kdy\u017e si uv\u011bdom\u00edme, jak se tam \u010derstv\u00ed prv\u0148\u00e1\u010dci t\u011b\u0161\u00ed.\u00a0Faktem v\u0161ak je, \u017ee je po\u010d\u00e1te\u010dn\u00ed nad\u0161en\u00ed velmi brzy opust\u00ed. A to i p\u0159esto, \u017ee v\u00a0podstat\u011b ji\u017e od za\u010d\u00e1tku v\u011bd\u00ed, do \u010deho jdou. Pro\u010d se tedy jejich radost, \u017ee budou um\u011bt \u010d\u00edst, ps\u00e1t, po\u010d\u00edtat a mnoh\u00e9 dal\u0161\u00ed dovednosti, prom\u011bn\u00ed v\u00a0podstat\u011b ve frustraci?\u00a0D\u016fvod\u016f je hned n\u011bkolik, ov\u0161em t\u00edm nejd\u016fle\u017eit\u011bj\u0161\u00edm je kompletn\u00ed zm\u011bna re\u017eimu oproti \u0161kolce. Zde byly zvykl\u00e9 si v\u011bt\u0161inu dne hr\u00e1t tak, jak cht\u011bly a s\u00a0k\u00fdm cht\u011bly. Chodily na proch\u00e1zky, bavily se s\u00a0kamar\u00e1dy. To v\u0161e se te\u010f zm\u011bn\u00ed.\u00a0\u00a0Nyn\u00ed mus\u00ed po v\u011bt\u0161inu doby, kdy jsou ve \u0161kole, sed\u011bt ti\u0161e v\u00a0lavici a poslouchat v\u00fdklad. Samoz\u0159ejm\u011b se jim jej u\u010ditel sna\u017e\u00ed pokud mo\u017eno zp\u0159\u00edjemnit, av\u0161ak to nic nem\u011bn\u00ed na tom, \u017ee se jedn\u00e1 o velkou a nep\u0159\u00edjemnou zm\u011bnu.\u00a0Tak\u00e9 za\u010dnou m\u00edt povinnosti a odpov\u011bdnost \u2013 pokud nap\u0159\u00edklad nep\u0159inesou dom\u00e1c\u00ed \u00fakol nebo zapomenou doma u\u010debnici, budou pok\u00e1r\u00e1ny. To je tak\u00e9 n\u011bco, co ve \u0161kolce neza\u017eily, a nen\u00ed pochyb o tom, \u017ee to pon\u011bkud p\u0159id\u00e1v\u00e1 ke stresu, kter\u00fd za\u017e\u00edvaj\u00ed.\u00a0\u00a0Pak je zde tak\u00e9 samotn\u00e1 u\u010debn\u00ed l\u00e1tka. Ani ta nen\u00ed mnohdy tak snadn\u00e1, jak si d\u011bti p\u0159edstavuj\u00ed. Nenajde se snad ani jedno, kter\u00e9 by nem\u011blo s\u00a0ur\u010ditou oblast\u00ed alespo\u0148 mal\u00e9 probl\u00e9my. N\u011bkdo nap\u0159\u00edklad plave v\u00a0matematice, jin\u00fd zase nedok\u00e1\u017ee po\u0159\u00e1dn\u011b ps\u00e1t.\u00a0To v\u0161e pak p\u0159edstavuje n\u00e1por na d\u011btskou psychiku. Pokud je ve t\u0159\u00edd\u011b nav\u00edc n\u011bkdo, s\u00a0k\u00fdm se v\u016fbec nemus\u00ed (a n\u011bkoho takov\u00e9ho m\u00e1 snad ka\u017ed\u00fd), je to i dal\u0161\u00ed d\u016fvod k\u00a0tomu, aby se mu tam necht\u011blo. T\u00edm se mu v\u0161ak znechut\u00ed cel\u00fd proces u\u010den\u00ed, co\u017e je rozhodn\u011b \u0161koda.\u00a0Co tedy m\u016f\u017eeme ud\u011blat pro to, aby n\u00e1\u0161 potomek chodil do \u0161koly r\u00e1d? P\u0159edev\u0161\u00edm jej za ka\u017ed\u00fd \u00fasp\u011bch velmi chv\u00e1lit, poslouchat, kdy\u017e n\u00e1m vypr\u00e1v\u00ed o probl\u00e9mech, kter\u00e9 ve \u0161kole m\u00e1, a\u0165 u\u017e s\u00a0l\u00e1tkou \u010di jin\u00fdmi d\u011btmi, a sna\u017eit se jej podporovat. Pak tam bude chodit mnohem rad\u011bji.                                                                                                                                                                                                                                                                                                                                                                                        4.6\/5 - (8 votes)        "},{"@context":"https:\/\/schema.org\/","@type":"BreadcrumbList","itemListElement":[{"@type":"ListItem","position":1,"name":"Pro\u010d d\u011bti nemaj\u00ed r\u00e1dy \u0161kolu","item":"https:\/\/www.irla.cz\/proc-deti-nemaji-rady-skolu\/#breadcrumbitem"}]}]